{"id":475,"date":"2016-02-24T00:37:10","date_gmt":"2016-02-24T11:37:10","guid":{"rendered":"http:\/\/espiritismolivre.com\/?p=475"},"modified":"2016-02-24T00:37:10","modified_gmt":"2016-02-24T11:37:10","slug":"caminho-verdade-e-vida-1-o-tempo","status":"publish","type":"post","link":"https:\/\/espiritismolivre.com\/?p=475","title":{"rendered":"CAMINHO, VERDADE E VIDA &#8211; 1 &#8211; O TEMPO"},"content":{"rendered":"<p style=\"text-align: center;\"><span style=\"color: #0000ff;\">1 &#8211; O TEMPO<\/span><\/p>\n<p style=\"text-align: justify;\"><span style=\"color: #0000ff;\"> <\/span><\/p>\n<p style=\"text-align: right;\"><span style=\"color: #0000ff;\">\u201c<em>Aquele que faz caso do dia, patr\u00e3o Senhor o faz.<\/em>\u201d Paulo. (ROMANOS, 14: 6)<\/span><\/p>\n<p style=\"text-align: justify;\"><span style=\"color: #0000ff;\"> <\/span><\/p>\n<p style=\"text-align: justify;\"><span style=\"color: #0000ff;\">A maioria dos homens n\u00e3o percebe ainda os valores infinitos do tempo.<\/span><\/p>\n<p style=\"text-align: justify;\"><span style=\"color: #0000ff;\">Existem efetivamente os que abusam dessa concess\u00e3o divina. Julgam que a riqueza dos benef\u00edcios lhes \u00e9 devida por Deus.<\/span><\/p>\n<p style=\"text-align: justify;\"><span style=\"color: #0000ff;\">Seria justo, entretanto, interrog\u00e1-los quanto ao motivo de semelhante presun\u00e7\u00e3o.<\/span><\/p>\n<p style=\"text-align: justify;\"><span style=\"color: #0000ff;\">Constituindo a Cria\u00e7\u00e3o Universal patrim\u00f4nio comum, \u00e9 razo\u00e1vel que todos gozem as possibilidades da vida? contudo, de modo geral, a criatura n\u00e3o medita na harmonia das circunst\u00e2ncias que se ajustam na Terra, em favor de seu aperfei\u00e7oamento espiritual.<\/span><\/p>\n<p style=\"text-align: justify;\"><span style=\"color: #0000ff;\">\u00c9 l\u00f3gico que todo homem conte com o tempo, mas, se esse tempo estiver sem luz, sem equil\u00edbrio, sem sa\u00fade, sem trabalho?<\/span><\/p>\n<p style=\"text-align: justify;\"><span style=\"color: #0000ff;\">N\u00e3o obstante a oportunidade da indaga\u00e7\u00e3o, importa considerar que muito raros s\u00e3o aqueles que valorizam o dia, multiplicando-se em toda parte as fileiras dos que procuram aniquil\u00e1-lo de qualquer forma.<\/span><\/p>\n<p style=\"text-align: justify;\"><span style=\"color: #0000ff;\">A velha express\u00e3o popular \u201cmatar o tempo\u201d reflete a inconsci\u00eancia vulgar, nesse sentido.<\/span><\/p>\n<p style=\"text-align: justify;\"><span style=\"color: #0000ff;\">Nos mais obscuros recantos da Terra, h\u00e1 criaturas exterminando possibilidades sagradas. No entanto, um dia de paz, harmonia e ilumina\u00e7\u00e3o, \u00e9 muito importante para o concurso humano, na execu\u00e7\u00e3o das leis divinas.<\/span><\/p>\n<p style=\"text-align: justify;\"><span style=\"color: #0000ff;\">Os interesses imediatistas do mundo clamam que o \u201ctempo \u00e9 dinheiro\u201d, para, em seguida, recome\u00e7arem todas as obras incompletas na esteira das reencarna\u00e7\u00f5es&#8230; Os homens, por isso mesmo, fazem e desfazem, constroem e destroem, aprendem levianamente e recapitulam com dificuldade, na conquista da experi\u00eancia.<\/span><\/p>\n<p style=\"text-align: justify;\"><span style=\"color: #0000ff;\">Em quase todos os setores de evolu\u00e7\u00e3o terrestre, vemos o abuso da oportunidade complicando os caminhos da vida? entretanto, desde muitos s\u00e9culos, o ap\u00f3stolo nos afirma que o tempo deve ser do Senhor.<\/span><\/p>\n<p style=\"text-align: justify;\"><span style=\"color: #0000ff;\"> <\/span><\/p>\n<p style=\"text-align: justify;\">=======================================================================<\/p>\n<p style=\"text-align: justify;\">\n<p style=\"text-align: justify;\">O tempo talvez seja o elemento mais importante e, ao mesmo tempo, mais desprezado na \u00e9poca em que vivemos. Seja consciente ou inconscientemente, estamos nos tornando especialistas em dedic\u00e1-lo a diversas formas de entretenimento vazio e fraco, impulsionando o vazio interior que habita a grande maioria das almas e que gera os dist\u00farbios mentais e morais, t\u00e3o em voga na imprensa<\/p>\n<p style=\"text-align: justify;\">\u00c9 poss\u00edvel fazer uma correla\u00e7\u00e3o entre a utiliza\u00e7\u00e3o do tempo e o sucesso de uma encarna\u00e7\u00e3o? Claro, afinal, o tempo n\u00e3o \u00e9 apenas nossa medida padr\u00e3o para controle do dia, das tarefas e afins, ele \u00e9 irrecuper\u00e1vel como caracter\u00edstica <em>sine qua non<\/em>. Seu presente em breve ser\u00e1 passado, e \u00e9 atrav\u00e9s deste presente que se moldam as bases de escolha para o futuro.<\/p>\n<p style=\"text-align: justify;\">Uma das grandes caracter\u00edsticas do Espiritismo \u00e9 o livre-arb\u00edtrio em sua base absoluta de certezas. S\u00f3 depende de cada indiv\u00edduo plantar e colher o que deseja para si e seu futuro. Aqui as bases s\u00e3o expandidas, para o tempo infinito. Somos o resultado de incalcul\u00e1veis encarna\u00e7\u00f5es plantando hoje e colhendo hoje o plantio de ontem, para que nas infinitas encarna\u00e7\u00f5es vindouras tenhamos melhores chances de optar pelo correto.<\/p>\n<p style=\"text-align: justify;\">Aqui temos um ponto de confronto importante com a realidade atual, visto que faz toda a diferen\u00e7a entendermos a realidade em que habitamos e que envolve o tempo. Se eu entendo que h\u00e1 apenas uma vida e, o nada depois, posso ter 2 rea\u00e7\u00f5es diferentes:<\/p>\n<ul style=\"text-align: justify;\">\n<li><span style=\"text-decoration: underline;\">\u201cAproveitar\u201d em absoluto o tempo<\/span>: \u201c<strong>viver cada dia \tcomo se fosse o \u00faltimo<\/strong>\u201d \u00e9 uma frase bastante convencional em \tv\u00e1rios meios de comunica\u00e7\u00e3o. Eu realmente n\u00e3o encontro sentido \tnela, visto que esse \u201cviver\u201d conota tomar atitudes e a\u00e7\u00f5es \ttantas vezes impulsivas quanto dolorosas quando se descobre a \tcontinuidade da vida. Algo de lament\u00e1vel somando-se a tantas \tpotencialidades envolvidas na alma.<\/li>\n<li>\u201c<span style=\"text-decoration: underline;\">Abrir m\u00e3o\u201d do tempo<\/span>: \tInfelizmente vivemos a \u00e9poca da depress\u00e3o, das diversas s\u00edndromes \te de problemas muito s\u00e9rios na ordem mental. Resultados do des\u00e2nimo \tdesvairado e do vazio existencial que tomam conta das sociedades \tmodernas, s\u00e3o a prova de que n\u00e3o temos controle algum sobre o \ttempo em si. Os dias \u201cvoam\u201d e as pessoas estagnaram. Percebam \tque nunca dedicamos o mesmo tempo \u00e0 constru\u00e7\u00e3o da personalidade, \tda intelig\u00eancia e da educa\u00e7\u00e3o em comparado ao que dedicamos a \tfutilidades diversas. Somos capazes de ficar sentados por dez horas \tseguidas assistindo filmes, mas mal conseguimos manter duas horas de \testudo s\u00e9rio e construtivo. A melancolia que desemboca na tristeza \tarrebatadora do des\u00e2nimo depressivo \u00e9 um sintoma s\u00e9rio da \taus\u00eancia de prop\u00f3sito na vida moderna.<\/li>\n<\/ul>\n<p style=\"text-align: justify;\">\n<p style=\"text-align: justify;\">Quantos acordam pela manh\u00e3 sem vontade? Quantos entendem que passar\u00e3o pela Terra sem deixar qualquer contribui\u00e7\u00e3o para humanidade? Quantos se desmotivam, apontando a culpa de seus problemas para o pr\u00f3ximo em vez de buscar as solu\u00e7\u00f5es em si mesmo?<\/p>\n<p style=\"text-align: justify;\">Valorizar o dia \u00e9 utilizar o tempo com sabedoria, buscando aprimoramento. A certeza da continuidade da vida, das encarna\u00e7\u00f5es e de todo um processo reencarnat\u00f3rio que envolve o plano espiritual, tornam esse ajuste muito mais motivador. Ser melhor para ajudar o pr\u00f3ximo \u00e9 quase uma obriga\u00e7\u00e3o imediata de quem j\u00e1 tem a consci\u00eancia de que a vida \u00e9 eterna, mas o tempo n\u00e3o. Aprimorar os dons da vida \u00e9 respeitar o tempo em que se vive.<\/p>\n<p style=\"text-align: justify;\">Atrav\u00e9s da utiliza\u00e7\u00e3o salutar do tempo que dispomos, contribuiremos para psicosfera pessoal e coletiva do ambiente em que vivemos.<\/p>\n<p style=\"text-align: justify;\">Na pr\u00f3xima vez em que for \u201caproveitar a vida\u201d, lembre-se de que as a\u00e7\u00f5es e pensamentos impactar\u00e3o sua exist\u00eancia hoje e amanh\u00e3.<\/p>\n<p style=\"text-align: justify;\">\n<p style=\"text-align: justify;\">\n","protected":false},"excerpt":{"rendered":"<p>1 &#8211; O TEMPO \u201cAquele que faz caso do dia, patr\u00e3o Senhor o faz.\u201d Paulo. (ROMANOS, 14: 6) A maioria dos homens n\u00e3o percebe ainda os valores infinitos do tempo. Existem efetivamente os que abusam dessa concess\u00e3o divina. Julgam que a riqueza dos benef\u00edcios lhes \u00e9 devida por Deus. Seria justo, entretanto, interrog\u00e1-los quanto ao [&hellip;]<\/p>\n","protected":false},"author":1,"featured_media":0,"comment_status":"open","ping_status":"closed","sticky":false,"template":"","format":"standard","meta":{"footnotes":""},"categories":[172,214],"tags":[298,104,13,213],"_links":{"self":[{"href":"https:\/\/espiritismolivre.com\/index.php?rest_route=\/wp\/v2\/posts\/475"}],"collection":[{"href":"https:\/\/espiritismolivre.com\/index.php?rest_route=\/wp\/v2\/posts"}],"about":[{"href":"https:\/\/espiritismolivre.com\/index.php?rest_route=\/wp\/v2\/types\/post"}],"author":[{"embeddable":true,"href":"https:\/\/espiritismolivre.com\/index.php?rest_route=\/wp\/v2\/users\/1"}],"replies":[{"embeddable":true,"href":"https:\/\/espiritismolivre.com\/index.php?rest_route=%2Fwp%2Fv2%2Fcomments&post=475"}],"version-history":[{"count":2,"href":"https:\/\/espiritismolivre.com\/index.php?rest_route=\/wp\/v2\/posts\/475\/revisions"}],"predecessor-version":[{"id":477,"href":"https:\/\/espiritismolivre.com\/index.php?rest_route=\/wp\/v2\/posts\/475\/revisions\/477"}],"wp:attachment":[{"href":"https:\/\/espiritismolivre.com\/index.php?rest_route=%2Fwp%2Fv2%2Fmedia&parent=475"}],"wp:term":[{"taxonomy":"category","embeddable":true,"href":"https:\/\/espiritismolivre.com\/index.php?rest_route=%2Fwp%2Fv2%2Fcategories&post=475"},{"taxonomy":"post_tag","embeddable":true,"href":"https:\/\/espiritismolivre.com\/index.php?rest_route=%2Fwp%2Fv2%2Ftags&post=475"}],"curies":[{"name":"wp","href":"https:\/\/api.w.org\/{rel}","templated":true}]}}