{"id":440,"date":"2015-06-22T02:17:20","date_gmt":"2015-06-22T13:17:20","guid":{"rendered":"http:\/\/espiritismolivre.com\/?p=440"},"modified":"2015-06-22T02:17:20","modified_gmt":"2015-06-22T13:17:20","slug":"para-alem-da-obsessao","status":"publish","type":"post","link":"https:\/\/espiritismolivre.com\/?p=440","title":{"rendered":"PARA AL\u00c9M DA OBSESS\u00c3O"},"content":{"rendered":"<p style=\"text-align: justify;\">As quest\u00f5es relacionadas \u00e0 obsess\u00e3o s\u00e3o tratativas comuns nos estudos esp\u00edritas. Tema constante em palestras, leituras e estudos diversos, sua g\u00eanese, profilaxia e supera\u00e7\u00e3o trazem temas inesgot\u00e1veis para reflex\u00e3o.<\/p>\n<p style=\"text-align: justify;\">A obra &#8220;<strong>Pain\u00e9is da Obsess\u00e3o<\/strong>&#8221; traz um grande arcabou\u00e7o de casos e explica\u00e7\u00f5es para enfermidades relacionadas \u00e0 obsess\u00e3o e suas causas \/ consequ\u00eancias, sendo extremamente instrutiva e complexa em alguns pontos. O caso abaixo ilustra um pouco do que o Espiritismo coloca como a\u00e7\u00e3o e rea\u00e7\u00e3o nos casos obsessivos. Ele trata sobre Marcondes, homem implac\u00e1vel que, al\u00e9m de tirano dom\u00e9stico, era extremamente cruel na cobran\u00e7a dos que o rodeavam em seu com\u00e9rcio. Era ainda uma constante fonte de inimizades e de conduta \u00e1spera, inspirava sempre um quadro de desconfian\u00e7a e inimizade.<\/p>\n<p style=\"text-align: justify;\">Farei algumas observa\u00e7\u00f5es no texto abaixo. O original est\u00e1 em azul, e minhas observa\u00e7\u00f5es em verde.<\/p>\n<p style=\"text-align: justify;\">\n<blockquote>\n<p style=\"text-align: justify;\"><span style=\"color: #0000ff;\">\u201c- Temos estudado a obsess\u00e3o como fator desencadeante de enfermidades org\u00e2nicas<span style=\"color: #339966;\"> [at\u00e9 aqui, ponto trabalhado em diversas obras esp\u00edritas, especialmente nas de Andr\u00e9 Luiz na cole\u00e7\u00e3o &#8220;A vida no mundo espiritial&#8221;]<\/span> \u2013 prosseguiu, com a mesma serenidade, o amigo vigilante. &#8211; Agora temos um fen\u00f4meno com maior complexidade ante os nossos olhos. Em face das suas atitudes, o nosso enfermo passou a sofrer o cerco das Entidades perversas que interferiram no seu comportamento mental com as naturais rea\u00e7\u00f5es psicol\u00f3gicas e humanas. Simultaneamente, o desencadear da animosidade que as suas atitudes provocavam, fez que as pessoas passassem a desfechar-lhe flechas mentais, desejando-lhe a ru\u00edna, a infelicidade, a morte <span style=\"color: #339966;\">[vejam que a atitude das pessoas que desejavam isso ao Marcondes tamb\u00e9m significa alguma forma de comprometimento perante as Leis Divinas, pois n\u00e3o deixa de ser um plantio do mau. As irradia\u00e7\u00f5es em dire\u00e7\u00e3o a Marcondes prejudicam quem as gera, seja o motivo qual for]<\/span>. A princ\u00edpio, em raz\u00e3o de encontrar-se mergulhado em verdadeira carapa\u00e7a das pr\u00f3prias constru\u00e7\u00f5es ps\u00edquicas, aqueles petardos n\u00e3o o atingiam com facilidade. Naturalmente se dilu\u00edam no choque vibrat\u00f3rio das suas resist\u00eancias portadoras de teor diferente, em ondas de dispers\u00e3o, pelo que sua mente exteriorizava contra as demais pessoas. Produziam-se, nesse campo magn\u00e9tico, inevit\u00e1veis choques vibrat\u00f3rios que, no largo do tempo, tiveram as primeiras brechas, em raz\u00e3o da intensidade com que eram emitidos os pensamentos destrutivos, alimentados pela f\u00faria das suas v\u00edtimas, no lar e fora dele, somando for\u00e7a devastadora. Lentamente, as sucessivas ondas prejudiciais alcan\u00e7aram-lhe os equipamentos org\u00e2nicos, desarticulando as defesas imunol\u00f3gicas que foram vencidas, degenerando c\u00e9lulas e dando in\u00edcio, a princ\u00edpio, \u00e0 irrup\u00e7\u00e3o do bacilo de Koch <span style=\"color: #339966;\">[tuberculose]<\/span>, agora em fase final do processo. Caso h\u00e1, em que a incid\u00eancia do pensamento mal\u00e9fico aceito pela mente culpada destrambelha a intimidade da c\u00e9lula, interferindo no seu n\u00facleo e acelerando a sua reprodu\u00e7\u00e3o, dando g\u00eanese a neoplasias, a c\u00e2nceres de v\u00e1rias express\u00f5es. <span style=\"color: #339966;\">[De forma alguma, toda doen\u00e7a \u00e9 fruto de obsess\u00e3o, mas sim, toda doen\u00e7a \u00e9 fruto de desequil\u00edbrio perispiritual, do presente ou do passado &#8211; quando escolhemos uma doen\u00e7a como prova\u00e7\u00e3o. A mente atua sob as c\u00e9lulas, irradiando influ\u00eancias da qualidade que criamos. Podemos irradiar uma psicosfera saud\u00e1vel com bons ideais e &#8216;contagiar&#8217; nosso n\u00edvel celular com a mesma qualidade, ou podemos manter uma psicosfera negativa, contaminando nosso organismo. A psicosfera que cultivamos, somada \u00e0 predisposi\u00e7\u00f5es que podemos manter por quest\u00f5es probat\u00f3rias resultam em provas ou acr\u00e9scimos de miseric\u00f3rdia. Afinal, uma boa psicosfera significa pensar e atuar de forma ben\u00e9fica, o que significa agir na caridade. Um plantio salutar, gera colheita de felicidade].<\/span><\/span><\/p>\n<p style=\"text-align: justify;\"><span style=\"color: #0000ff;\">A mente \u00e9 d\u00ednamo gerador de energia cujo potencial e finalidade est\u00e3o governados pelo comportamento moral, pelo desejo de quem os emite. <strong>H\u00e1 enfermidades de diferentes proced\u00eancias que se instalam sob a contribui\u00e7\u00e3o da conduta mental dos pr\u00f3prios pacientes, dando margem a fen\u00f4menos de autodestrui\u00e7\u00e3o a curto ou largo prazo, de desarticula\u00e7\u00e3o das defesas ps\u00edquicas e org\u00e2nicas, quando irrompem problemas graves na \u00e1rea da sa\u00fade, com muitas dificuldades para uma diagnose correta, quanto para uma terap\u00eautica segura.<\/strong> <span style=\"text-decoration: underline;\">O homem \u00e9 intrinsecamente, o que pensa<\/span>, sendo esse seu mecanismo mental o resultado das suas experi\u00eancias pregressas, noutras reencarna\u00e7\u00f5es, o que motiva as fixa\u00e7\u00f5es, as prefer\u00eancias, os ideais sustentados. De mais alto valor, portanto, o cultivo sistem\u00e1tico dos pensamentos positivos, das id\u00e9ias enobrecedoras, da conversa\u00e7\u00e3o edificante, das aspira\u00e7\u00f5es otimistas, que facultam a renova\u00e7\u00e3o das paisagens \u00edntimas e a substitui\u00e7\u00e3o dos clich\u00eas infelizes, propiciadores de doen\u00e7as, de turba\u00e7\u00f5es do racioc\u00ednio, de desajustes de todo tipo\u201d (p. 138-139).<\/span><\/p>\n<p style=\"text-align: justify;\"><span style=\"color: #0000ff;\"> <\/span><\/p>\n<p style=\"text-align: justify;\"><span style=\"color: #0000ff;\">[PAIN\u00c9IS DA OBSESS\u00c3O \u2013 Divaldo P. Franco pelo Esp\u00edrito Manoel P. Miranda &#8211; 5a edi\u00e7\u00e3o \u2013 1994. Editora LEAL]<\/span><\/p>\n<\/blockquote>\n<p style=\"text-align: justify;\">\n<p style=\"text-align: justify;\">Alguns ainda nutrem uma vis\u00e3o da Obsess\u00e3o como processo que envolve um puro sofrimento, ou at\u00e9 injusti\u00e7a. N\u00e3o existe algo assim na Justi\u00e7a Divina. Injusti\u00e7a \u00e9 cria\u00e7\u00e3o dos homens, enquanto os problemas relacionados \u00e0 obsess\u00e3o foram plantados pelas m\u00e1s escolhas que fizemos com o nosso Livre Arb\u00edtrio. Desentendimentos, m\u00e1goas, raiva, \u00f3dio, emo\u00e7\u00f5es negativas diversas que nos colocam em sintonia com irm\u00e3os da mesma faixa vibrat\u00f3ria, alimentando um ciclo quase intermin\u00e1vel, geralmente interrompido pelo esgotamento ou pela dor de algum dos lados.<\/p>\n<p style=\"text-align: justify;\">Uma das grandes virtudes do Espiritismo \u00e9 possibilitar a compreens\u00e3o do passado, do presente, e permitir o plantio salutar do futuro.<\/p>\n<p style=\"text-align: justify;\">\n<p style=\"text-align: justify;\">\n<p style=\"text-align: justify;\">\n","protected":false},"excerpt":{"rendered":"<p>As quest\u00f5es relacionadas \u00e0 obsess\u00e3o s\u00e3o tratativas comuns nos estudos esp\u00edritas. Tema constante em palestras, leituras e estudos diversos, sua g\u00eanese, profilaxia e supera\u00e7\u00e3o trazem temas inesgot\u00e1veis para reflex\u00e3o. A obra &#8220;Pain\u00e9is da Obsess\u00e3o&#8221; traz um grande arcabou\u00e7o de casos e explica\u00e7\u00f5es para enfermidades relacionadas \u00e0 obsess\u00e3o e suas causas \/ consequ\u00eancias, sendo extremamente instrutiva [&hellip;]<\/p>\n","protected":false},"author":1,"featured_media":0,"comment_status":"open","ping_status":"closed","sticky":false,"template":"","format":"standard","meta":{"footnotes":""},"categories":[193,3,172],"tags":[278,279,134,280,23,277],"_links":{"self":[{"href":"https:\/\/espiritismolivre.com\/index.php?rest_route=\/wp\/v2\/posts\/440"}],"collection":[{"href":"https:\/\/espiritismolivre.com\/index.php?rest_route=\/wp\/v2\/posts"}],"about":[{"href":"https:\/\/espiritismolivre.com\/index.php?rest_route=\/wp\/v2\/types\/post"}],"author":[{"embeddable":true,"href":"https:\/\/espiritismolivre.com\/index.php?rest_route=\/wp\/v2\/users\/1"}],"replies":[{"embeddable":true,"href":"https:\/\/espiritismolivre.com\/index.php?rest_route=%2Fwp%2Fv2%2Fcomments&post=440"}],"version-history":[{"count":2,"href":"https:\/\/espiritismolivre.com\/index.php?rest_route=\/wp\/v2\/posts\/440\/revisions"}],"predecessor-version":[{"id":442,"href":"https:\/\/espiritismolivre.com\/index.php?rest_route=\/wp\/v2\/posts\/440\/revisions\/442"}],"wp:attachment":[{"href":"https:\/\/espiritismolivre.com\/index.php?rest_route=%2Fwp%2Fv2%2Fmedia&parent=440"}],"wp:term":[{"taxonomy":"category","embeddable":true,"href":"https:\/\/espiritismolivre.com\/index.php?rest_route=%2Fwp%2Fv2%2Fcategories&post=440"},{"taxonomy":"post_tag","embeddable":true,"href":"https:\/\/espiritismolivre.com\/index.php?rest_route=%2Fwp%2Fv2%2Ftags&post=440"}],"curies":[{"name":"wp","href":"https:\/\/api.w.org\/{rel}","templated":true}]}}