{"id":378,"date":"2014-10-08T08:15:44","date_gmt":"2014-10-08T19:15:44","guid":{"rendered":"http:\/\/espiritismolivre.com\/?p=378"},"modified":"2014-10-08T08:15:44","modified_gmt":"2014-10-08T19:15:44","slug":"fermento-e-potencia","status":"publish","type":"post","link":"https:\/\/espiritismolivre.com\/?p=378","title":{"rendered":"FERMENTO E POT\u00caNCIA"},"content":{"rendered":"<p style=\"text-align: justify;\">\n<p style=\"text-align: center;\"><strong><span style=\"color: #0000ff;\">76-FERMENTO ESPIRITUAL<\/span><\/strong><\/p>\n<p style=\"text-align: center;\"><span style=\"color: #0000ff;\"><em>&#8220;N\u00e3o sabeis que um pouco de fermento leveda a massa toda?&#8221; &#8211; Paulo. (I CORINTIOS, 5:6).<\/em><span style=\"text-align: justify;\"> <\/span><\/span><\/p>\n<p style=\"text-align: justify;\"><span style=\"color: #0000ff;\">O fermento \u00e9 uma subst\u00e2ncia que excita outras subst\u00e2ncias, e nossa vida \u00e9 sempre um fermento espiritual com que influenciamos as exist\u00eancias alheias.<\/span><\/p>\n<p style=\"text-align: justify;\"><span style=\"color: #0000ff;\">Ningu\u00e9m vive s\u00f3.<\/span><\/p>\n<p style=\"text-align: justify;\"><span style=\"color: #0000ff;\">Temos conosco milhares de express\u00f5es do pensamento dos outros e milhares de outras pessoas nos guardam a atua\u00e7\u00e3o mental, inevitavelmente. <\/span><\/p>\n<p style=\"text-align: justify;\"><span style=\"color: #0000ff;\">Os raios de nossa influ\u00eancia entrosam-se com as emiss\u00f5es de quantos nos conhecem direta ou indiretamente, e pesam na balan\u00e7a do mundo para o bem ou para o mal.<\/span><\/p>\n<p style=\"text-align: justify;\"><span style=\"color: #0000ff;\">Nossas palavras determinam palavras em quem nos ouve, e, toda vez que n\u00e3o formos sinceros, \u00e9 prov\u00e1vel que o  interlocutor seja igualmente desleal.<\/span><\/p>\n<p style=\"text-align: justify;\"><span style=\"color: #0000ff;\">Nossos modos e costumes geram modos e costumes da mesma natureza, em torno de nossos passos, mormente naqueles que se situam em posi\u00e7\u00e3o inferior \u00e0 nossa, nos c\u00edrculos da experi\u00eancia e do conhecimento.<\/span><\/p>\n<p style=\"text-align: justify;\"><span style=\"color: #0000ff;\">Nossas atitudes e atos criam atitudes e atos do mesmo teor, em quantos nos rodeiam, porquanto aquilo que fazemos atinge o dom\u00ednio da observa\u00e7\u00e3o alheia, interferindo no centro de elabora\u00e7\u00e3o das for\u00e7as mentais de nossos semelhantes.<\/span><\/p>\n<p style=\"text-align: justify;\"><span style=\"color: #0000ff;\">O \u00fanico processo, portanto, de reformar edificando \u00e9 aceitar as sugest\u00f5es do bem e pratic\u00e1-las intensivamente, por interm\u00e9dio de nossas a\u00e7\u00f5es.<\/span><\/p>\n<p style=\"text-align: justify;\"><span style=\"color: #0000ff;\">Nas origens de nossas determina\u00e7\u00f5es, por\u00e9m, reside a id\u00e9ia.<\/span><\/p>\n<p style=\"text-align: justify;\"><span style=\"color: #0000ff;\">A mente, em raz\u00e3o disso, \u00e9 a sede de nossa atua\u00e7\u00e3o pessoal, onde estivermos.<\/span><\/p>\n<p style=\"text-align: justify;\"><span style=\"color: #0000ff;\">Pensamento \u00e9 fermenta\u00e7\u00e3o espiritual. Em primeiro lugar estabelece atitudes, em segundo gera h\u00e1bitos e, depois, governa express\u00f5es e palavras, atrav\u00e9s das quais a individualidade influencia na vida e no mundo. Regenerado, pois, o pensamento de um homem, o caminho que o conduz ao Senhor se lhe revela reto e limpo.<\/span><\/p>\n<p style=\"text-align: justify;\"><span style=\"color: #0000ff;\"><br \/>\n<\/span><\/p>\n<p style=\"text-align: justify;\"><span style=\"color: #0000ff;\">(Da obra &#8220;FONTE VIVA&#8221; Psicografada por Chico Xavier, ditada pelo Esp\u00edrito Emmanuel).<\/span><\/p>\n<p style=\"text-align: justify;\">&#8212;&#8212;&#8212;&#8212;&#8212;&#8212;&#8212;&#8212;&#8212;&#8212;&#8212;&#8212;&#8212;&#8212;&#8212;&#8212;&#8212;-<\/p>\n<p style=\"text-align: justify;\">\n<p style=\"text-align: justify;\">O final do texto, que diz &#8220;Pensamento \u00e9 fermenta\u00e7\u00e3o espiritual&#8221; \u00e9 de suma import\u00e2ncia quando lembramos que o pensamento \u00e9 uma das maiores pot\u00eancias do Esp\u00edrito. Pensamento \u00e9 base da sintonia, da cria\u00e7\u00e3o e da proje\u00e7\u00e3o do ambiente que exteriorizamos.<\/p>\n<p style=\"text-align: justify;\">A sintonia est\u00e1 na base de quase todos os fen\u00f4menos espirituais, pois \u00e9 como uma antena, que canaliza as vibra\u00e7\u00f5es semelhantes, e as une em m\u00fatua influencia\u00e7\u00e3o.<\/p>\n<p style=\"text-align: justify;\">\n<p style=\"text-align: justify;\">\n","protected":false},"excerpt":{"rendered":"<p>76-FERMENTO ESPIRITUAL &#8220;N\u00e3o sabeis que um pouco de fermento leveda a massa toda?&#8221; &#8211; Paulo. (I CORINTIOS, 5:6). O fermento \u00e9 uma subst\u00e2ncia que excita outras subst\u00e2ncias, e nossa vida \u00e9 sempre um fermento espiritual com que influenciamos as exist\u00eancias alheias. Ningu\u00e9m vive s\u00f3. Temos conosco milhares de express\u00f5es do pensamento dos outros e milhares [&hellip;]<\/p>\n","protected":false},"author":1,"featured_media":0,"comment_status":"open","ping_status":"closed","sticky":false,"template":"","format":"standard","meta":{"footnotes":""},"categories":[3],"tags":[],"_links":{"self":[{"href":"https:\/\/espiritismolivre.com\/index.php?rest_route=\/wp\/v2\/posts\/378"}],"collection":[{"href":"https:\/\/espiritismolivre.com\/index.php?rest_route=\/wp\/v2\/posts"}],"about":[{"href":"https:\/\/espiritismolivre.com\/index.php?rest_route=\/wp\/v2\/types\/post"}],"author":[{"embeddable":true,"href":"https:\/\/espiritismolivre.com\/index.php?rest_route=\/wp\/v2\/users\/1"}],"replies":[{"embeddable":true,"href":"https:\/\/espiritismolivre.com\/index.php?rest_route=%2Fwp%2Fv2%2Fcomments&post=378"}],"version-history":[{"count":3,"href":"https:\/\/espiritismolivre.com\/index.php?rest_route=\/wp\/v2\/posts\/378\/revisions"}],"predecessor-version":[{"id":381,"href":"https:\/\/espiritismolivre.com\/index.php?rest_route=\/wp\/v2\/posts\/378\/revisions\/381"}],"wp:attachment":[{"href":"https:\/\/espiritismolivre.com\/index.php?rest_route=%2Fwp%2Fv2%2Fmedia&parent=378"}],"wp:term":[{"taxonomy":"category","embeddable":true,"href":"https:\/\/espiritismolivre.com\/index.php?rest_route=%2Fwp%2Fv2%2Fcategories&post=378"},{"taxonomy":"post_tag","embeddable":true,"href":"https:\/\/espiritismolivre.com\/index.php?rest_route=%2Fwp%2Fv2%2Ftags&post=378"}],"curies":[{"name":"wp","href":"https:\/\/api.w.org\/{rel}","templated":true}]}}