{"id":333,"date":"2014-04-30T10:50:03","date_gmt":"2014-04-30T21:50:03","guid":{"rendered":"http:\/\/espiritismolivre.com\/?p=333"},"modified":"2014-04-30T10:50:37","modified_gmt":"2014-04-30T21:50:37","slug":"cabo-de-guerra-mental-obsessao","status":"publish","type":"post","link":"https:\/\/espiritismolivre.com\/?p=333","title":{"rendered":"CABO DE GUERRA MENTAL &#8211; OBSESS\u00c3O"},"content":{"rendered":"<p style=\"text-align: justify;\"><span style=\"color: #0000ff;\"><strong>&#8220;252. As imperfei\u00e7\u00f5es morais do obsedado s\u00e3o frequentemente um obst\u00e1culo \u00e0 sua liberta\u00e7\u00e3o&#8221; <\/strong><\/span><\/p>\n<p style=\"text-align: justify;\"><span style=\"color: #0000ff;\"><strong>(LIVRO DOS M\u00c9DIUNS &#8211; C\u00e1p. XXIII &#8211; DA OBSESS\u00c3O)<\/strong><\/span><\/p>\n<p style=\"text-align: justify;\">Claro que o tema &#8220;<strong><em>obsess\u00e3o<\/em><\/strong>&#8221; como um todo \u00e9 muito complexo e demandaria muitas laudas para explor\u00e1-lo, mas consideremos a frase acima como um pequeno ponto neste oceano da vida. No futuro, haver\u00e1 um estudo aprofundado do tema com v\u00e1rias obras envolvidas, e ent\u00e3o outros pontos devem vir \u00e0 tona.<\/p>\n<p style=\"text-align: justify;\">Eu entendo que poucos de n\u00f3s encarnados, para n\u00e3o dizer nenhum, estar\u00e1 livre da obsess\u00e3o.<\/p>\n<p style=\"text-align: justify;\">Claro que n\u00e3o podemos considerar aqui os casos extremos, de fascina\u00e7\u00e3o ou subjuga\u00e7\u00e3o, mas sim o cotidiano, o dia-a-dia de um planeta como a Terra, que ainda nos recebe, os que enfrentam provas e expia\u00e7\u00f5es. Nosso n\u00edvel moral ainda \u00e9 relativamente baixo, por\u00e9m em progresso, o que nos for\u00e7a a batalhas di\u00e1rias perante nossa consci\u00eancia.<\/p>\n<p style=\"text-align: justify;\">Quantas vezes n\u00e3o tivemos pensamentos d\u00fabios sobre uma decis\u00e3o moral, pudemos escolher o caminho correto ou o caminho errado, considerando as duas op\u00e7\u00f5es? \u00c9 um cabo de guerra mental.<\/p>\n<p style=\"text-align: justify;\"><strong><span style=\"color: #339966;\">Pensamento<\/span><\/strong> e <strong><span style=\"color: #339966;\">Vontade<\/span><\/strong> s\u00e3o 2 das maiores pot\u00eancias do esp\u00edrito. Ou seja, s\u00e3o duas grandes for\u00e7as que temos ao nosso dispor ou contra n\u00f3s. Nosso <span style=\"color: #339966;\"><strong>Livre-Arb\u00edtrio<\/strong><\/span> \u00e9 que define.<\/p>\n<p style=\"text-align: justify;\">Ent\u00e3o, a frase acima significa que os esp\u00edritos voltados ao mal, ou ignorantes no tema da evolu\u00e7\u00e3o, se aproveitam de nossas imperfei\u00e7\u00f5es morais para nutrirem seus impulsos. \u00c9 uma rela\u00e7\u00e3o de simbiose entre obsessor e obsedado, que \u00e9 efetivamente combatida atrav\u00e9s da <span style=\"color: #339966;\"><strong>Reforma \u00cdntima<\/strong><\/span> (ver alguns textos <a title=\"Reforma \u00cdntima 1\" href=\"http:\/\/espiritismolivre.com\/?page_id=253\" target=\"_blank\">aqui<\/a> e <a title=\"Reforma \u00cdntima 2\" href=\"http:\/\/espiritismolivre.com\/?page_id=255\" target=\"_blank\">aqui<\/a>).<\/p>\n<p style=\"text-align: justify;\">Depende somente do encarnado e de sua vontade superar a obsess\u00e3o. Nosso cotidiano \u00e9 uma cesta repleta de escolhas, que caracterizam na pr\u00e1tica nosso n\u00edvel moral. S\u00e3o os atos que denunciam o n\u00edvel moral de qualquer um.<\/p>\n<p style=\"text-align: justify;\">Quanto mais eficiente for nosso policiamento conosco mesmo, tanto melhor e mais r\u00e1pida ser\u00e1 nossa evolu\u00e7\u00e3o. N\u00e3o se trata de ser ou n\u00e3o obsedado, mas sim de como nos manter ao m\u00e1ximo no caminho evolutivo.<\/p>\n<p style=\"text-align: justify;\"><strong><span style=\"color: #ff6600;\">Vigiar e orar<\/span><\/strong>, conselho da \u00e9poca do Cristo, e t\u00e3o importante na atualidade.<\/p>\n","protected":false},"excerpt":{"rendered":"<p>&#8220;252. As imperfei\u00e7\u00f5es morais do obsedado s\u00e3o frequentemente um obst\u00e1culo \u00e0 sua liberta\u00e7\u00e3o&#8221; (LIVRO DOS M\u00c9DIUNS &#8211; C\u00e1p. XXIII &#8211; DA OBSESS\u00c3O) Claro que o tema &#8220;obsess\u00e3o&#8221; como um todo \u00e9 muito complexo e demandaria muitas laudas para explor\u00e1-lo, mas consideremos a frase acima como um pequeno ponto neste oceano da vida. No futuro, haver\u00e1 [&hellip;]<\/p>\n","protected":false},"author":1,"featured_media":0,"comment_status":"open","ping_status":"closed","sticky":false,"template":"","format":"standard","meta":{"footnotes":""},"categories":[3,142],"tags":[212,5,23,29],"_links":{"self":[{"href":"https:\/\/espiritismolivre.com\/index.php?rest_route=\/wp\/v2\/posts\/333"}],"collection":[{"href":"https:\/\/espiritismolivre.com\/index.php?rest_route=\/wp\/v2\/posts"}],"about":[{"href":"https:\/\/espiritismolivre.com\/index.php?rest_route=\/wp\/v2\/types\/post"}],"author":[{"embeddable":true,"href":"https:\/\/espiritismolivre.com\/index.php?rest_route=\/wp\/v2\/users\/1"}],"replies":[{"embeddable":true,"href":"https:\/\/espiritismolivre.com\/index.php?rest_route=%2Fwp%2Fv2%2Fcomments&post=333"}],"version-history":[{"count":2,"href":"https:\/\/espiritismolivre.com\/index.php?rest_route=\/wp\/v2\/posts\/333\/revisions"}],"predecessor-version":[{"id":335,"href":"https:\/\/espiritismolivre.com\/index.php?rest_route=\/wp\/v2\/posts\/333\/revisions\/335"}],"wp:attachment":[{"href":"https:\/\/espiritismolivre.com\/index.php?rest_route=%2Fwp%2Fv2%2Fmedia&parent=333"}],"wp:term":[{"taxonomy":"category","embeddable":true,"href":"https:\/\/espiritismolivre.com\/index.php?rest_route=%2Fwp%2Fv2%2Fcategories&post=333"},{"taxonomy":"post_tag","embeddable":true,"href":"https:\/\/espiritismolivre.com\/index.php?rest_route=%2Fwp%2Fv2%2Ftags&post=333"}],"curies":[{"name":"wp","href":"https:\/\/api.w.org\/{rel}","templated":true}]}}