{"id":301,"date":"2013-02-17T03:53:08","date_gmt":"2013-02-17T14:53:08","guid":{"rendered":"http:\/\/espiritismolivre.com\/?p=301"},"modified":"2013-02-17T03:53:08","modified_gmt":"2013-02-17T14:53:08","slug":"da-judeia-aos-montes","status":"publish","type":"post","link":"https:\/\/espiritismolivre.com\/?p=301","title":{"rendered":"Da &#8220;Jud\u00e9ia&#8221; aos &#8220;Montes&#8221;"},"content":{"rendered":"<blockquote>\n<p style=\"text-align: justify;\"><em><strong>140 &#8211; PARA OS MONTES<\/strong><\/em><\/p>\n<p style=\"text-align: justify;\"><em><strong>\u201c Ent\u00e3o, os que estiverem na Jud\u00e9ia, fujam para os montes.\u201d<\/strong> Jesus (MATEUS,24 : 16)<\/em><\/p>\n<p style=\"text-align: justify;\"><em>Referindo-se aos instantes dolorosos que assinalariam a renova\u00e7\u00e3o planet\u00e1ria, aconselhou o Mestre aos que estivessem na Jud\u00e9ia procurar os montes. A advert\u00eancia \u00e9 profunda, porque, pelo termo \u201cJud\u00e9ia\u201d, devemos tomar a \u201cregi\u00e3o espiritual\u201d de quantos, pelas aspira\u00e7\u00f5es \u00edntimas, se aproximem do Mestre para a suprema ilumina\u00e7\u00e3o.<\/em><\/p>\n<p style=\"text-align: justify;\"><em>E a atualidade da Terra \u00e9 dos mais fortes quadros nesse g\u00eanero. Em todos os recantos, estabelecem-se lutas e ru\u00ednas. Venenos mort\u00edferos s\u00e3o inoculados pela pol\u00edtica inconsciente nas massas populares. A baixada est\u00e1 repleta de nevoeiros tremendos. Os lugares santos permanecem cheios de trevas abomin\u00e1veis. Alguns homens caminham ao sinistro clar\u00e3o de inc\u00eandios. Aduba-se o ch\u00e3o com sangue e l\u00e1grimas, para a semeadura do porvir.<\/em><\/p>\n<p style=\"text-align: justify;\"><em>\u00c9 chegado o instante de se retirarem os que permanecem na Jud\u00e9ia para os \u201cmontes\u201d das id\u00e9ias superiores. \u00c9 indispens\u00e1vel manter-se o disc\u00edpulo do bem nas alturas espirituais, sem abandonar a coopera\u00e7\u00e3o elevada que o Senhor exemplificou na Terra; que a\u00ed consolide a sua posi\u00e7\u00e3o de colaborador fiel, invenc\u00edvel na paz e na esperan\u00e7a, convicto de que, ap\u00f3s a passagem dos homens da perturba\u00e7\u00e3o, portadores de destro\u00e7os e l\u00e1grimas, s\u00e3o os filhos do trabalho que semeiam a alegria, de novo, e reconstroem o edif\u00edcio da vida.<\/em><\/p>\n<p style=\"text-align: justify;\"><em>(Da obra Caminho, Verdade e Vida, pelo Esp\u00edrito Emmanuel, psicografada por Chico Xavier).<\/em><\/p>\n<\/blockquote>\n<p style=\"text-align: justify;\">A paz que procuramos \u00e9 sempre a paz de esp\u00edrito. Utilizamos essa express\u00e3o rotineiramente, sem parar para refletir no que a comp\u00f5e. A paz de esp\u00edrito \u00e9 algo superior, plena, e que \u00e9 ating\u00edvel na metaf\u00edsica. N\u00e3o adianta ir \u00e0 nenhum templo ou local material busc\u00e1-la, ela reside dentro de n\u00f3s quando colocamos para fora a plenitude que possu\u00edmos.<\/p>\n<p style=\"text-align: justify;\">Quando somos caridosos de cora\u00e7\u00e3o, quando aconselhamos ao bem, quando ajudamos ao pr\u00f3ximo, quando somos tolerantes com os que erram e amorosos com os que pecam.<\/p>\n<p style=\"text-align: justify;\">Jesus deu o caminho das pedras para n\u00f3s. Fugir da \u201cJud\u00e9ia\u201d, significa abandonar os s\u00edmbolos materiais que nos transmitem algum tipo de poder ou falso acalento de paz. Significa reduzir nossa necessidade de bens materiais e de ideais ambiciosos na Terra. Significa buscar no exemplo do Cristo os verdadeiros mapas que nos levam \u00e0 melhora e ilumina\u00e7\u00e3o.<\/p>\n<p style=\"text-align: justify;\">Seguindo o exemplo de Jesus, vamos construir os \u201cmontes\u201d at\u00e9 sermos capazes de viver por l\u00e1, abandonando de vez a \u201cJud\u00e9ia\u201d, da qual ainda somos t\u00e3o dependentes e somos t\u00e3o envolvidos por. Claro que \u00e9 um processo que demanda tempo, paci\u00eancia, esfor\u00e7o, vontade e tudo o que pudermos concentrar. Sabemos a condi\u00e7\u00e3o pouco elevada que temos na Terra, mas tamb\u00e9m sabemos que as pot\u00eancias para nosso desenvolvimento se encontram dentro de n\u00f3s.<\/p>\n<p style=\"text-align: justify;\">Vamos buscar essas pot\u00eancias e essas vontades para nos reconstruirmos nos \u201cmontes\u201d.<\/p>\n<p style=\"text-align: justify;\">\n","protected":false},"excerpt":{"rendered":"<p>140 &#8211; PARA OS MONTES \u201c Ent\u00e3o, os que estiverem na Jud\u00e9ia, fujam para os montes.\u201d Jesus (MATEUS,24 : 16) Referindo-se aos instantes dolorosos que assinalariam a renova\u00e7\u00e3o planet\u00e1ria, aconselhou o Mestre aos que estivessem na Jud\u00e9ia procurar os montes. A advert\u00eancia \u00e9 profunda, porque, pelo termo \u201cJud\u00e9ia\u201d, devemos tomar a \u201cregi\u00e3o espiritual\u201d de quantos, [&hellip;]<\/p>\n","protected":false},"author":1,"featured_media":0,"comment_status":"open","ping_status":"closed","sticky":false,"template":"","format":"standard","meta":{"footnotes":""},"categories":[3,142],"tags":[215,300,13,216,217,302],"_links":{"self":[{"href":"https:\/\/espiritismolivre.com\/index.php?rest_route=\/wp\/v2\/posts\/301"}],"collection":[{"href":"https:\/\/espiritismolivre.com\/index.php?rest_route=\/wp\/v2\/posts"}],"about":[{"href":"https:\/\/espiritismolivre.com\/index.php?rest_route=\/wp\/v2\/types\/post"}],"author":[{"embeddable":true,"href":"https:\/\/espiritismolivre.com\/index.php?rest_route=\/wp\/v2\/users\/1"}],"replies":[{"embeddable":true,"href":"https:\/\/espiritismolivre.com\/index.php?rest_route=%2Fwp%2Fv2%2Fcomments&post=301"}],"version-history":[{"count":2,"href":"https:\/\/espiritismolivre.com\/index.php?rest_route=\/wp\/v2\/posts\/301\/revisions"}],"predecessor-version":[{"id":303,"href":"https:\/\/espiritismolivre.com\/index.php?rest_route=\/wp\/v2\/posts\/301\/revisions\/303"}],"wp:attachment":[{"href":"https:\/\/espiritismolivre.com\/index.php?rest_route=%2Fwp%2Fv2%2Fmedia&parent=301"}],"wp:term":[{"taxonomy":"category","embeddable":true,"href":"https:\/\/espiritismolivre.com\/index.php?rest_route=%2Fwp%2Fv2%2Fcategories&post=301"},{"taxonomy":"post_tag","embeddable":true,"href":"https:\/\/espiritismolivre.com\/index.php?rest_route=%2Fwp%2Fv2%2Ftags&post=301"}],"curies":[{"name":"wp","href":"https:\/\/api.w.org\/{rel}","templated":true}]}}