{"id":259,"date":"2012-11-13T13:30:23","date_gmt":"2012-11-14T00:30:23","guid":{"rendered":"http:\/\/espiritismolivre.com\/?p=259"},"modified":"2012-11-13T13:30:23","modified_gmt":"2012-11-14T00:30:23","slug":"o-momento","status":"publish","type":"post","link":"https:\/\/espiritismolivre.com\/?p=259","title":{"rendered":"O MOMENTO"},"content":{"rendered":"<p style=\"text-align: justify;\"><strong>39 &#8211; PERANTE OS FATOS MOMENTOSOS<\/strong><\/p>\n<p style=\"text-align: justify;\">Em tempo algum empolgar-se por emo\u00e7\u00f5es desordenadas ante ocorr\u00eancias que apaixonem a opini\u00e3o p\u00fablica, como, por exemplo, delitos, cat\u00e1strofes, epidemias, fen\u00f4menos geol\u00f3gicos e outros quaisquer.<\/p>\n<p style=\"text-align: justify;\">Acalmar-se \u00e9 acalmar os outros.<\/p>\n<p style=\"text-align: justify;\">Nas conversa\u00e7\u00f5es e nos coment\u00e1rios acerca de not\u00edcias terrificantes, abster-se de\u00a0sensacionalismo.<\/p>\n<p style=\"text-align: justify;\">A caridade emudece o verbo em desvario.<\/p>\n<p style=\"text-align: justify;\">Guardar atitude ponderada, \u00e0 face de acontecimentos considerados escandalosos, justapondo a influ\u00eancia do bem ao ass\u00e9dio do mal.<\/p>\n<p style=\"text-align: justify;\">A palavra cruel aumenta a for\u00e7a do crime.<\/p>\n<p style=\"text-align: justify;\">Resguardar-se no abrigo da prece em todos os transes aflitivos da exist\u00eancia.<\/p>\n<p style=\"text-align: justify;\">As prova\u00e7\u00f5es gravitam na esfera da Justi\u00e7a Divina.<\/p>\n<p style=\"text-align: justify;\">Aceitar nas maiores como nas menores decep\u00e7\u00f5es da vida humana, por mais estranhas ou desconcertantes que sejam, a manifesta\u00e7\u00e3o dos Des\u00edgnios Superiores atuando em favor do aprimoramento espiritual.<\/p>\n<p style=\"text-align: justify;\">Deus n\u00e3o erra.<\/p>\n<p style=\"text-align: justify;\">Ainda mesmo com sacrif\u00edcio, entre acidentes inesperados que lhe firam as esperan\u00e7as, jamais desistir da constru\u00e7\u00e3o do bem que lhe cumpre realizar.<\/p>\n<p style=\"text-align: justify;\">Cada Esp\u00edrito possui conta pr\u00f3pria na Justi\u00e7a Perfeita.<\/p>\n<p style=\"text-align: justify;\">\u201cVede que ningu\u00e9m d\u00ea a outrem mal por mal, mas segui sempre o bem, tanto uns para com\u00a0os outros, como para com todos.\u201d \u2014 Paulo. (I TESSALONICENSES, 5:15.)<\/p>\n<p style=\"text-align: justify;\"><strong>[da obra &#8220;Momento Esp\u00edrita&#8221; &#8211; pelo Esp\u00edrito Andr\u00e9 Luiz, psicografado por Waldo Vieira e Chico Xavier].<\/strong><\/p>\n<p style=\"text-align: justify;\">&#8212;&#8212;&#8212;&#8212;&#8212;&#8212;&#8212;&#8212;&#8211; \u00a0 \u00a0&#8212;&#8212;&#8212;&#8212;&#8212;&#8212;&#8212;&#8212;&#8212;&#8212;&#8212;<\/p>\n<p style=\"text-align: justify;\">Quantas vezes somos decepcionados? Quantas vezes recebemos pedradas daqueles que amamos?<\/p>\n<p style=\"text-align: justify;\">Qual a nossa rea\u00e7\u00e3o? Defendemos uma tal de &#8216;honra&#8217; ? Humilhamos, ofendemos, agredimos?<\/p>\n<p style=\"text-align: justify;\">O verdadeiro aprendiz Esp\u00edrita, procura o caminho correto do perd\u00e3o e da paz. Ele n\u00e3o procura agredir, ele n\u00e3o procura defender uma honra que n\u00e3o passa de ac\u00famulo de vaidades e orgulho. Os coment\u00e1rios do mundo n\u00e3o afetar\u00e3o aquele que confia na justi\u00e7a divina e na atemporalidade.<\/p>\n<p style=\"text-align: justify;\">Hoje somos abarcados pela dor e sofrimento. Mas como foi o passado? Ser\u00e1 que n\u00e3o fizemos sofrer \u00e0quele que nos afeta hoje?<\/p>\n<p style=\"text-align: justify;\">A rea\u00e7\u00e3o intransigente e direta de hoje pode significar estagna\u00e7\u00e3o e mais provas futuras. A dor \u00e9 o momento de renova\u00e7\u00e3o e de corre\u00e7\u00e3o da alma, quando podemos finalmente aplicar aquilo que aprendemos, aquilo que pregamos, aquilo que propagamos como verdade. Os mansos continuam, os intransigentes, estagnam.<\/p>\n<p style=\"text-align: justify;\">Toda rudez de car\u00e1ter significa uma esta\u00e7\u00e3o a mais na evolu\u00e7\u00e3o.<\/p>\n<p style=\"text-align: justify;\">A dor \u00e9 a nossa oportunidade. Se nossos amigos (as) e companheiros (as) n\u00e3o est\u00e3o preparados para entender e aceitar, nos pautamos por esferas mais elevadas. Aqueles que nos acusam de passivos e &#8220;bobos&#8221; n\u00e3o passam de ignorantes que ainda n\u00e3o compreendem as verdades da vida. Eles tamb\u00e9m merecem compaix\u00e3o.<\/p>\n<p style=\"text-align: justify;\">Somos criaturas de amor, entendemos a revela\u00e7\u00e3o do Consolador, abra\u00e7amos o Esp\u00edrito da Verdade em nossa encarna\u00e7\u00e3o e devemos utiliz\u00e1-lo para o crescimento da alma.<\/p>\n<p style=\"text-align: justify;\">Dor, sublime oportunidade. Prova redentora.<\/p>\n<p style=\"text-align: justify;\">Sofrimento, transit\u00f3rio e temporal.<\/p>\n<p style=\"text-align: justify;\">Evolu\u00e7\u00e3o, aproveitar os ensinamentos no cen\u00e1rio de dor e sofrimento.<\/p>\n<p style=\"text-align: justify;\">Sejamos a luz perante \u00e0 sombra do mundo. Enfrentemos nosso Coliseu e nossas feras de cora\u00e7\u00e3o aberto e f\u00e9 acesa.<\/p>\n<p style=\"text-align: justify;\">\n","protected":false},"excerpt":{"rendered":"<p>39 &#8211; PERANTE OS FATOS MOMENTOSOS Em tempo algum empolgar-se por emo\u00e7\u00f5es desordenadas ante ocorr\u00eancias que apaixonem a opini\u00e3o p\u00fablica, como, por exemplo, delitos, cat\u00e1strofes, epidemias, fen\u00f4menos geol\u00f3gicos e outros quaisquer. Acalmar-se \u00e9 acalmar os outros. Nas conversa\u00e7\u00f5es e nos coment\u00e1rios acerca de not\u00edcias terrificantes, abster-se de\u00a0sensacionalismo. A caridade emudece o verbo em desvario. Guardar [&hellip;]<\/p>\n","protected":false},"author":1,"featured_media":0,"comment_status":"open","ping_status":"closed","sticky":false,"template":"","format":"standard","meta":{"footnotes":""},"categories":[3,142],"tags":[190,189,301],"_links":{"self":[{"href":"https:\/\/espiritismolivre.com\/index.php?rest_route=\/wp\/v2\/posts\/259"}],"collection":[{"href":"https:\/\/espiritismolivre.com\/index.php?rest_route=\/wp\/v2\/posts"}],"about":[{"href":"https:\/\/espiritismolivre.com\/index.php?rest_route=\/wp\/v2\/types\/post"}],"author":[{"embeddable":true,"href":"https:\/\/espiritismolivre.com\/index.php?rest_route=\/wp\/v2\/users\/1"}],"replies":[{"embeddable":true,"href":"https:\/\/espiritismolivre.com\/index.php?rest_route=%2Fwp%2Fv2%2Fcomments&post=259"}],"version-history":[{"count":1,"href":"https:\/\/espiritismolivre.com\/index.php?rest_route=\/wp\/v2\/posts\/259\/revisions"}],"predecessor-version":[{"id":260,"href":"https:\/\/espiritismolivre.com\/index.php?rest_route=\/wp\/v2\/posts\/259\/revisions\/260"}],"wp:attachment":[{"href":"https:\/\/espiritismolivre.com\/index.php?rest_route=%2Fwp%2Fv2%2Fmedia&parent=259"}],"wp:term":[{"taxonomy":"category","embeddable":true,"href":"https:\/\/espiritismolivre.com\/index.php?rest_route=%2Fwp%2Fv2%2Fcategories&post=259"},{"taxonomy":"post_tag","embeddable":true,"href":"https:\/\/espiritismolivre.com\/index.php?rest_route=%2Fwp%2Fv2%2Ftags&post=259"}],"curies":[{"name":"wp","href":"https:\/\/api.w.org\/{rel}","templated":true}]}}