{"id":199,"date":"2012-06-27T16:28:51","date_gmt":"2012-06-28T03:28:51","guid":{"rendered":"http:\/\/espiritismolivre.com\/?p=199"},"modified":"2012-06-27T16:28:51","modified_gmt":"2012-06-28T03:28:51","slug":"a-reforma-intima-tambem-no-mundo-espiritual","status":"publish","type":"post","link":"https:\/\/espiritismolivre.com\/?p=199","title":{"rendered":"A Reforma \u00cdntima Tamb\u00e9m no Mundo Espiritual"},"content":{"rendered":"<p style=\"text-align: justify;\">A Reforma \u00cdntima j\u00e1 foi tratada em textos anteriores, e como j\u00e1 explicado, \u00e9 um processo \u00e1rduo, doloroso, custoso e dif\u00edcil, mas que todos necessitamos realizar.<\/p>\n<p style=\"text-align: justify;\">Lendo o segundo livro de Andr\u00e9 Luiz, &#8220;Os Mensageiros&#8221; me deparei logo no in\u00edcio com a passagem abaixo, quando o autor descreve seu processo de evolu\u00e7\u00e3o no mundo espiritual. Lendo o par\u00e1grafo em si, fica claro que se a mudan\u00e7a necess\u00e1ria n\u00e3o ocorrer no plano f\u00edsico, ela ocorrer\u00e1 no espiritual.<\/p>\n<p style=\"text-align: justify;\">&#8220;<em><strong>Experimentava o j\u00fabilo da descoberta de mim mesmo. Dantes, viva \u00e0 fei\u00e7\u00e3o do caramujo, segregado na concha, imperme\u00e1vel aos grandiosos espet\u00e1culos da Natureza, rastejando no lodo. Agora, entretanto, convencia-me de que a dor agira em minha constru\u00e7\u00e3o mental, \u00e0 maneira do alvi\u00e3o pesado, cujos golpes eu n\u00e3o entendera de pronto. O alvi\u00e3o quebrara a concha de antigas vicia\u00e7\u00f5es do sentimento. Libertara-me<\/strong><\/em>.&#8221; (cap\u00edtlo 1 &#8216;Renova\u00e7\u00e3o&#8217;).<\/p>\n<p style=\"text-align: justify;\">A dor \u00e9 um mecanismo comum de progresso \u00e0 muitos. Depois haver\u00e1 um novo post tratando somente da dor e evolu\u00e7\u00e3o, mas se analisarmos bem, quantos mudam sua forma de pensar ap\u00f3s um sofrimento? O pr\u00f3prio Espiritismo \u00e9 hoje um palco desta condi\u00e7\u00e3o. Muitos passam a frequentar um Centro Esp\u00edrita ou passam a ler sobre Kardec ao sofrer a perda de um ente querido, buscando respostas, analisando suas prioridades e id\u00e9ias.<\/p>\n<p style=\"text-align: justify;\">\u00c9 do ser humano e do esp\u00edrito a capacidade de se reinventar e de alterar sua condi\u00e7\u00e3o. Todos podemos melhorar e espalhar a melhora atrav\u00e9s de atitudes positivas e caridosas.<\/p>\n<p style=\"text-align: justify;\">\n","protected":false},"excerpt":{"rendered":"<p>A Reforma \u00cdntima j\u00e1 foi tratada em textos anteriores, e como j\u00e1 explicado, \u00e9 um processo \u00e1rduo, doloroso, custoso e dif\u00edcil, mas que todos necessitamos realizar. Lendo o segundo livro de Andr\u00e9 Luiz, &#8220;Os Mensageiros&#8221; me deparei logo no in\u00edcio com a passagem abaixo, quando o autor descreve seu processo de evolu\u00e7\u00e3o no mundo espiritual. [&hellip;]<\/p>\n","protected":false},"author":1,"featured_media":0,"comment_status":"open","ping_status":"closed","sticky":false,"template":"","format":"standard","meta":{"footnotes":""},"categories":[3],"tags":[157,158,159,301],"_links":{"self":[{"href":"https:\/\/espiritismolivre.com\/index.php?rest_route=\/wp\/v2\/posts\/199"}],"collection":[{"href":"https:\/\/espiritismolivre.com\/index.php?rest_route=\/wp\/v2\/posts"}],"about":[{"href":"https:\/\/espiritismolivre.com\/index.php?rest_route=\/wp\/v2\/types\/post"}],"author":[{"embeddable":true,"href":"https:\/\/espiritismolivre.com\/index.php?rest_route=\/wp\/v2\/users\/1"}],"replies":[{"embeddable":true,"href":"https:\/\/espiritismolivre.com\/index.php?rest_route=%2Fwp%2Fv2%2Fcomments&post=199"}],"version-history":[{"count":1,"href":"https:\/\/espiritismolivre.com\/index.php?rest_route=\/wp\/v2\/posts\/199\/revisions"}],"predecessor-version":[{"id":200,"href":"https:\/\/espiritismolivre.com\/index.php?rest_route=\/wp\/v2\/posts\/199\/revisions\/200"}],"wp:attachment":[{"href":"https:\/\/espiritismolivre.com\/index.php?rest_route=%2Fwp%2Fv2%2Fmedia&parent=199"}],"wp:term":[{"taxonomy":"category","embeddable":true,"href":"https:\/\/espiritismolivre.com\/index.php?rest_route=%2Fwp%2Fv2%2Fcategories&post=199"},{"taxonomy":"post_tag","embeddable":true,"href":"https:\/\/espiritismolivre.com\/index.php?rest_route=%2Fwp%2Fv2%2Ftags&post=199"}],"curies":[{"name":"wp","href":"https:\/\/api.w.org\/{rel}","templated":true}]}}