{"id":171,"date":"2011-11-17T08:05:20","date_gmt":"2011-11-17T19:05:20","guid":{"rendered":"http:\/\/espiritismolivre.com\/?p=171"},"modified":"2011-11-17T08:05:20","modified_gmt":"2011-11-17T19:05:20","slug":"reforma-intima-i","status":"publish","type":"post","link":"https:\/\/espiritismolivre.com\/?p=171","title":{"rendered":"Reforma \u00cdntima &#8211; I"},"content":{"rendered":"<p>______Cita\u00e7\u00e3o 1 ____<br \/>\n<span style=\"color: #000080;\"><em>Nossa palavra de ordem \u00e9 <span style=\"text-decoration: underline;\"><strong>recome\u00e7ar<\/strong><\/span> \u2013 uma palavra inspiradora.<\/em><\/span><\/p>\n<p style=\"text-align: justify;\"><span style=\"color: #000080;\"><em>Quantas vezes se fizerem necess\u00e1rias, a nossa grande e \u00fanica virtude nos \u00e1ridos campos do aprimoramento \u00edntimo \u00e9 a capacidade de resistir aos apelos para a queda, jamais desistindo do ideal de liberta\u00e7\u00e3o que acalentamos, trabalhando mesmo cansados, servindo mesmo que carentes, estudando mesmo que desmotivados, aprendendo mesmo que sem objetivos definidos.<\/em><\/span><\/p>\n<p style=\"text-align: justify;\"><span style=\"color: #000080;\"><em>A pr\u00f3pria encarna\u00e7\u00e3o \u00e9 o mecanismo divino do recome\u00e7o, da retomada. Justo, portanto, que abracemos amorosamente os compromissos abandonados de outros tempos e aplainemos nossos caminhos tortuosos.<\/em><\/span><\/p>\n<p style=\"text-align: justify;\"><strong><span style=\"text-decoration: underline;\"><span style=\"color: #000080;\"><em>Temos o que merecemos e somos aquilo que plasmamos.<\/em><\/span><\/span><\/strong><br \/>\n______########____ (p\u00e1gina .11)<\/p>\n<p>______Cita\u00e7\u00e3o 2 ____<\/p>\n<p style=\"text-align: justify;\"><span style=\"color: #000080;\"><em>Reforma \u00edntima n\u00e3o deve ser entendida apenas como conten\u00e7\u00e3o de impulsos inferiores. Muito al\u00e9m disso, torna-se urgente analis\u00e1-la como o compromisso de trabalhar pelo desenvolvimento dos l\u00eddimos valores humanos na intimidade. Circunscrev\u00ea-la a regimes de disciplina pela vig\u00eancia e pela vontade poder\u00e1 instituir a cultura do mart\u00edrio e da tormenta como quesitos indispens\u00e1veis ao seu dinamismo. <\/em><\/span><\/p>\n<p style=\"text-align: justify;\"><span style=\"color: #000080;\"><em>Conten\u00e7\u00e3o \u00e9 aglutina\u00e7\u00e3o de for\u00e7as de defesa contra a rotina mental dos reflexos do mal em n\u00f3s, todavia, somente a edifica\u00e7\u00e3o da personalidade crist\u00e3, pr\u00f3digas de qualidades morais nobres, permitir\u00e1 a paz interior e o servi\u00e7o  de liberta\u00e7\u00e3o definitiva para al\u00e9m-muros da morte corporal. Por essa raz\u00e3o entre os seguidores da mensagem esp\u00edrita, urge difundir no\u00e7\u00f5es mais l\u00facidas sobre o n\u00edvel de comprometimento a que devem se afei\u00e7oar todos os seus aprendizes. Apenas evitar o mal n\u00e3o basta, imperioso fazer todo o bem ao nosso alcance. A reforma de profundidade exige devo\u00e7\u00e3o integral aos deveres da espiritualiza\u00e7\u00e3o, onde quer que estejamos, criando condi\u00e7\u00f5es  para viv\u00eancias \u00edntimas que assegurem como\u00e7\u00f5es afetivas revitalizadoras e modificadoras a rumos mais vastos na a\u00e7\u00e3o e na rea\u00e7\u00e3o: \u00e9 a cria\u00e7\u00e3o de condicionamentos novos e elevados.<\/em><\/span><br \/>\n______########____(p\u00e1gina .15)<\/p>\n<p style=\"text-align: justify;\"><strong>Reforma \u00edntima Sem Mart\u00edrio <\/strong><strong><br \/>\n(As Dores Psicol\u00f3gicas do Crescimento Interior)<\/p>\n<p>Wanderley Soares de Oliveira<br \/>\n(<\/strong><strong>Pelo esp\u00edrito Ermance Dufaux)<\/strong><\/p>\n<p style=\"text-align: justify;\"><strong>Editora Dufaux &#8212; 7a Edi\u00e7\u00e3o &#8211; 2005<\/strong><\/p>\n<p style=\"text-align: justify;\">______########____ \/\/ ______########____<\/p>\n<p style=\"text-align: justify;\">\n<p style=\"text-align: justify;\">Falar ou escrever sobre Reforma \u00cdntima demanda muito mais responsabilidade do que posso suportar agora. No entanto, serei breve para n\u00e3o incorrer em muitos erros.<\/p>\n<p style=\"text-align: justify;\">As partes negritadas e grifadas s\u00e3o os pontos-chave deste ensaio. Vejam, &#8220;<span style=\"text-decoration: underline;\"><strong>RECOME\u00c7AR<\/strong><\/span>&#8220;, come\u00e7ar novamente, \u00e9 a bendita chance que temos toda vez em que acordamos pela manh\u00e3. Temos um papel em branco para desenhar e escrever uma nova conduta a cada 24 horas. Se hoje falhamos, amanh\u00e3 n\u00e3o persistiremos no erro. Sabemos pela moral da conduta Esp\u00edrita que n\u00e3o devemos provocar conflitos e nem agredir outras pessoas. A nossa pr\u00f3pria encarna\u00e7\u00e3o \u00e9 um recome\u00e7o.<\/p>\n<p style=\"text-align: justify;\">Primeiro exemplo:<br \/>\n<span style=\"color: #008000;\">Se discutimos no tr\u00e2nsito hoje por uma ultrapassagem por exemplo, devemos nos policiar para que n\u00e3o aconte\u00e7a mais. Na pr\u00f3xima ultrapassagem sofrida, pensemos em algo diferente, talvez nosso irm\u00e3o tenha pressa por um motivo s\u00e9rio e muito relevante (pode ter algum familiar doente) e qualquer provoca\u00e7\u00e3o o far\u00e1 estourar em raiva. Se ainda assim, persistimos no erro em discutir, com certeza teremos oportunidades diversas para melhorar a conduta. O mais importante \u00e9 nunca desistir de tentar melhorar, mas de cora\u00e7\u00e3o, n\u00e3o adiante &#8216;se convencer&#8217; de que est\u00e1 fazendo o melhor e, contudo, ter aquela id\u00e9ia certa de que poderia fazer mais.<\/span><\/p>\n<p style=\"text-align: justify;\"><span style=\"color: #008000;\">Em determinado tempo, com a persist\u00eancia e for\u00e7a de vontade, n\u00e3o mais discutiremos no tr\u00e2nsito e poderemos nos orgulhar de pequena vit\u00f3ria. Essa pequena vit\u00f3ria ser\u00e1 nossa alavanca mental que possibilitar\u00e1 o progresso adiante em outros erros que cometemos.<\/span><\/p>\n<p style=\"text-align: justify;\">A frase &#8220;<span style=\"text-decoration: underline;\"><strong>TEMOS O QUE MERECEMOS E SOMOS AQUILO QUE PLASMAMOS<\/strong><strong> <\/strong><\/span>&#8221; \u00e9 simplesmente espetacular. Voc\u00ea n\u00e3o &#8216;tem sido&#8217; ruim, ou voc\u00ea \u00e9 algo ou n\u00e3o \u00e9. Simples assim. Sua conduta assume formas e se propaga perante os outros. Ningu\u00e9m \u00e9 caridoso de verdade se gabando de seus atos e de seus donativos, \u00e9 apenas orgulhoso e mesquinho. O pensamento funciona como o &#8220;H\u00e1lito Mental&#8221; (j\u00e1 expliquei <a title=\"H\u00e1lito Mental\" href=\"http:\/\/espiritismolivre.com\/?p=53\" target=\"_blank\">aqui<\/a>), e \u00e9 capaz de nos melhorar ou nos envenenar de acordo com suas qualidades, al\u00e9m disso, plasma a nossa volta os elementos morais com os quais foi constitu\u00eddo. Pessoas negativas tendem a se afundar, enquanto pessoas positivas e de boas a\u00e7\u00f5es (e inten\u00e7\u00f5es) constr\u00f3em um escudo a sua volta contra a negatividade.<\/p>\n<p style=\"text-align: justify;\">Eis o porque de termos o que merecemos. Al\u00e9m do mais, nunca saberemos de fato as nossas provas escolhidas como forma de expurgar erros do passado, nem nosso planejamento. O excesso de recursos financeiros ou a aus\u00eancia destes, pode constituir uma prova. Digo que &#8216;pode&#8217; na condicional, pois os esp\u00edritos j\u00e1 deixaram claro (<em>Livro dos Esp\u00edritos &#8211; Quest\u00f5es 806\/806a\/807<\/em>) que a desigualdade social \u00e9 um problema do homem e n\u00e3o de Deus, por isso deve ser atenuado (afinal, Jesus Cristo e Kardec cansaram de insistir nas benesses da Caridade). No entanto a espiritualidade pode aproveitar-se deste problema social como prova para aqueles que desejam expurgar erros do passado.<\/p>\n<p style=\"text-align: justify;\">Segundo exemplo:<br \/>\n<span style=\"color: #008000;\">Quantos n\u00e3o conhecemos que se revoltavam com a aus\u00eancia de recursos financeiros, pobreza, em que se encontravam? Que n\u00e3o invejavam pessoas cujas posses excediam o necess\u00e1rio? O erro j\u00e1 est\u00e1 nesta revolta e inveja que nada mais fazem do que um ciclo vicioso de envenenamento mental que provavelmente acarretar\u00e1 uma auto-obsess\u00e3o e dar\u00e1 origem a muitos males. E quantos casos p\u00fablicos de pessoas que viviam na pobreza, enriquecem de uma hora para outra, e gastam tudo em curto per\u00edodo de tempo? E tornam-se tiranos dom\u00e9sticos ou familiares? Com ou sem recursos, permanecem o que sempre foram, afinal, n\u00e3o \u00e9 o dinheiro que pode mascarar uma personalidade para si mesmo. Podemos ver pessoas de fino trato e educadas na sociedade, mas que dentro de casa s\u00e3o verdadeiros monstros.<\/span><\/p>\n<p style=\"text-align: justify;\"><span style=\"color: #008000;\">Mas aqueles que assumem a pobreza com humildade e batalham diariamente pela melhoria de suas condi\u00e7\u00f5es com trabalho honesto e boas inten\u00e7\u00f5es, com certeza estar\u00e3o cada vez mais progredindo em todos os sentidos. As dificuldades nunca ser\u00e3o maiores do que poderiam suportar. Aqueles que possuem excesso de dinheiro, mas que investem em ajudar ao pr\u00f3ximo atrav\u00e9s de empregos em suas ind\u00fastrias e em obras assistenciais \/ caridosas n\u00e3o podem ser penalizados pelos excessos financeiros. Nos dois casos, t\u00eam o que merecem e s\u00e3o o que plasmam.<\/span><\/p>\n<p style=\"text-align: justify;\">Enfim, Reforma \u00cdntima \u00e9 um tema de elevad\u00edssima complexidade. Voltarei a ele assim que encaminhar melhor as minhas leituras. Conto com o coment\u00e1rio de voc\u00eas para ajudar a constru\u00e7\u00e3o dos textos.<\/p>\n<p style=\"text-align: justify;\">\n<p style=\"text-align: justify;\">\n","protected":false},"excerpt":{"rendered":"<p>______Cita\u00e7\u00e3o 1 ____ Nossa palavra de ordem \u00e9 recome\u00e7ar \u2013 uma palavra inspiradora. Quantas vezes se fizerem necess\u00e1rias, a nossa grande e \u00fanica virtude nos \u00e1ridos campos do aprimoramento \u00edntimo \u00e9 a capacidade de resistir aos apelos para a queda, jamais desistindo do ideal de liberta\u00e7\u00e3o que acalentamos, trabalhando mesmo cansados, servindo mesmo que carentes, [&hellip;]<\/p>\n","protected":false},"author":1,"featured_media":0,"comment_status":"open","ping_status":"closed","sticky":false,"template":"","format":"standard","meta":{"footnotes":""},"categories":[3],"tags":[143,144,301],"_links":{"self":[{"href":"https:\/\/espiritismolivre.com\/index.php?rest_route=\/wp\/v2\/posts\/171"}],"collection":[{"href":"https:\/\/espiritismolivre.com\/index.php?rest_route=\/wp\/v2\/posts"}],"about":[{"href":"https:\/\/espiritismolivre.com\/index.php?rest_route=\/wp\/v2\/types\/post"}],"author":[{"embeddable":true,"href":"https:\/\/espiritismolivre.com\/index.php?rest_route=\/wp\/v2\/users\/1"}],"replies":[{"embeddable":true,"href":"https:\/\/espiritismolivre.com\/index.php?rest_route=%2Fwp%2Fv2%2Fcomments&post=171"}],"version-history":[{"count":2,"href":"https:\/\/espiritismolivre.com\/index.php?rest_route=\/wp\/v2\/posts\/171\/revisions"}],"predecessor-version":[{"id":173,"href":"https:\/\/espiritismolivre.com\/index.php?rest_route=\/wp\/v2\/posts\/171\/revisions\/173"}],"wp:attachment":[{"href":"https:\/\/espiritismolivre.com\/index.php?rest_route=%2Fwp%2Fv2%2Fmedia&parent=171"}],"wp:term":[{"taxonomy":"category","embeddable":true,"href":"https:\/\/espiritismolivre.com\/index.php?rest_route=%2Fwp%2Fv2%2Fcategories&post=171"},{"taxonomy":"post_tag","embeddable":true,"href":"https:\/\/espiritismolivre.com\/index.php?rest_route=%2Fwp%2Fv2%2Ftags&post=171"}],"curies":[{"name":"wp","href":"https:\/\/api.w.org\/{rel}","templated":true}]}}