{"id":111,"date":"2011-07-29T06:58:28","date_gmt":"2011-07-29T17:58:28","guid":{"rendered":"http:\/\/espiritismolivre.com\/?p=111"},"modified":"2011-07-29T07:01:34","modified_gmt":"2011-07-29T18:01:34","slug":"nossa-insignificancia","status":"publish","type":"post","link":"https:\/\/espiritismolivre.com\/?p=111","title":{"rendered":"Nossa Insignific\u00e2ncia"},"content":{"rendered":"<p style=\"text-align: justify;\">Eu sempre quis saber qual \u00e9 a nossa real insignific\u00e2ncia no universo. \u00c9 f\u00e1cil dizer que somos apenas um gr\u00e3o de areia, e no fim das contas, concordo.<\/p>\n<p style=\"text-align: justify;\">Portanto fui pesquisar e descobri que o gr\u00e3o de areia \u00e9 de uma complexidade impressionante. Ele \u00e9 singular em meio aos outros, brilha como cristais e possui formas absolutas. Segue abaixo algumas fotos e <a href=\"http:\/\/entretenimento.uol.com.br\/ultnot\/bbc\/2011\/07\/26\/fotos-ampliadas-de-graos-de-areia-revelam-mundo-de-cores-e-formas.jhtm\" target=\"_blank\">aqui<\/a> a reportagem:<\/p>\n<p style=\"text-align: justify;\">\n<p style=\"text-align: justify;\"><a href=\"http:\/\/espiritismolivre.com\/wp-content\/uploads\/2011\/07\/imagemconchas2.jpg\"><img decoding=\"async\" loading=\"lazy\" class=\"aligncenter size-medium wp-image-109\" title=\"areia1\" src=\"http:\/\/espiritismolivre.com\/wp-content\/uploads\/2011\/07\/imagemconchas2-300x225.jpg\" alt=\"\" width=\"300\" height=\"225\" srcset=\"https:\/\/espiritismolivre.com\/wp-content\/uploads\/2011\/07\/imagemconchas2-300x225.jpg 300w, https:\/\/espiritismolivre.com\/wp-content\/uploads\/2011\/07\/imagemconchas2.jpg 620w\" sizes=\"(max-width: 300px) 100vw, 300px\" \/><\/a><\/p>\n<p style=\"text-align: justify;\">\n<p style=\"text-align: justify;\"><a href=\"http:\/\/espiritismolivre.com\/wp-content\/uploads\/2011\/07\/imagemconchas.jpg\"><img decoding=\"async\" loading=\"lazy\" class=\"aligncenter size-medium wp-image-110\" title=\"areia2\" src=\"http:\/\/espiritismolivre.com\/wp-content\/uploads\/2011\/07\/imagemconchas-300x300.jpg\" alt=\"\" width=\"300\" height=\"300\" srcset=\"https:\/\/espiritismolivre.com\/wp-content\/uploads\/2011\/07\/imagemconchas-300x300.jpg 300w, https:\/\/espiritismolivre.com\/wp-content\/uploads\/2011\/07\/imagemconchas-150x150.jpg 150w, https:\/\/espiritismolivre.com\/wp-content\/uploads\/2011\/07\/imagemconchas.jpg 620w\" sizes=\"(max-width: 300px) 100vw, 300px\" \/><\/a><\/p>\n<p style=\"text-align: justify;\">Tamb\u00e9m fui pesquisar nosso papel no universo, abaixo algumas imagens que s\u00e3o esclarecedoras. Realmente, somos nada.<\/p>\n<p style=\"text-align: justify;\"><a href=\"http:\/\/espiritismolivre.com\/wp-content\/uploads\/2011\/07\/sistema1.jpg\"><img decoding=\"async\" loading=\"lazy\" class=\"aligncenter size-medium wp-image-116\" title=\"sistema1\" src=\"http:\/\/espiritismolivre.com\/wp-content\/uploads\/2011\/07\/sistema1-300x168.jpg\" alt=\"\" width=\"300\" height=\"168\" srcset=\"https:\/\/espiritismolivre.com\/wp-content\/uploads\/2011\/07\/sistema1-300x168.jpg 300w, https:\/\/espiritismolivre.com\/wp-content\/uploads\/2011\/07\/sistema1.jpg 470w\" sizes=\"(max-width: 300px) 100vw, 300px\" \/><\/a><\/p>\n<p style=\"text-align: justify;\">\n<p style=\"text-align: justify;\"><a href=\"http:\/\/espiritismolivre.com\/wp-content\/uploads\/2011\/07\/sistema2.jpg\"><img decoding=\"async\" loading=\"lazy\" class=\"aligncenter size-medium wp-image-117\" title=\"sistema2\" src=\"http:\/\/espiritismolivre.com\/wp-content\/uploads\/2011\/07\/sistema2-300x210.jpg\" alt=\"\" width=\"300\" height=\"210\" srcset=\"https:\/\/espiritismolivre.com\/wp-content\/uploads\/2011\/07\/sistema2-300x210.jpg 300w, https:\/\/espiritismolivre.com\/wp-content\/uploads\/2011\/07\/sistema2.jpg 470w\" sizes=\"(max-width: 300px) 100vw, 300px\" \/><\/a><\/p>\n<p style=\"text-align: justify;\"><a href=\"http:\/\/espiritismolivre.com\/wp-content\/uploads\/2011\/07\/sistema3.jpg\"><img decoding=\"async\" loading=\"lazy\" class=\"aligncenter size-medium wp-image-115\" title=\"sistema3\" src=\"http:\/\/espiritismolivre.com\/wp-content\/uploads\/2011\/07\/sistema3-300x210.jpg\" alt=\"\" width=\"300\" height=\"210\" srcset=\"https:\/\/espiritismolivre.com\/wp-content\/uploads\/2011\/07\/sistema3-300x210.jpg 300w, https:\/\/espiritismolivre.com\/wp-content\/uploads\/2011\/07\/sistema3.jpg 470w\" sizes=\"(max-width: 300px) 100vw, 300px\" \/><\/a><\/p>\n<p style=\"text-align: justify;\">\n<p style=\"text-align: justify;\">Portanto, se a escala da evolu\u00e7\u00e3o \u00e9 longa e dif\u00edcil, cabe a n\u00f3s utilizarmos tamb\u00e9m isso ao nosso favor. Somos t\u00e3o insignificantes que podemos nos dar ao luxo de utilizar a eternidade ao nosso favor. Nosso papel \u00e9 t\u00e3o limitado que acaba possibilitando espa\u00e7o ao nosso crescimento pessoal e interior. Nossa pequenez apenas nos cobra poucos passos e a responsabilidade de quem \u00e9 apenas pequeno.<\/p>\n<p style=\"text-align: justify;\">Acho que j\u00e1 comentei no blog antes. Para mim, a diferen\u00e7a de um animal, um humano, um esp\u00edrito da classe dos Ap\u00f3stolos e Jesus, e um Deus, \u00e9 a quantidade de vidas que conseguimos cuidar e dedicar amor. Cuidamos de uma fam\u00edlia, os evolu\u00eddos, de sociedades, Senhor Jesus Cristo, de todo o planeta, mas um Deus, de um universo ou v\u00e1rios, com amor incondicional. Impens\u00e1vel para n\u00f3s por enquanto.<\/p>\n<p style=\"text-align: justify;\">Sejamos pequenos e passemos e cuidar de nossas vidas, para podermos evoluir com consci\u00eancia a ponto de cuidar de uma fam\u00edlia. Sejemos felizes e isso nos levar\u00e1 o mais pr\u00f3ximo da perfei\u00e7\u00e3o em nossa pequenez.<\/p>\n<p style=\"text-align: justify;\"><em>Evolu\u00e7\u00e3o = Supera\u00e7\u00e3o + Perd\u00e3o + Auto-Perd\u00e3o + Conhecimento + For\u00e7a de Vontade + Humildade + Caridade<\/em><\/p>\n<p style=\"text-align: justify;\">Imaginem quando formos grandes&#8230;<\/p>\n","protected":false},"excerpt":{"rendered":"<p>Eu sempre quis saber qual \u00e9 a nossa real insignific\u00e2ncia no universo. \u00c9 f\u00e1cil dizer que somos apenas um gr\u00e3o de areia, e no fim das contas, concordo. Portanto fui pesquisar e descobri que o gr\u00e3o de areia \u00e9 de uma complexidade impressionante. Ele \u00e9 singular em meio aos outros, brilha como cristais e possui [&hellip;]<\/p>\n","protected":false},"author":1,"featured_media":0,"comment_status":"open","ping_status":"closed","sticky":false,"template":"","format":"standard","meta":{"footnotes":""},"categories":[3],"tags":[110,109],"_links":{"self":[{"href":"https:\/\/espiritismolivre.com\/index.php?rest_route=\/wp\/v2\/posts\/111"}],"collection":[{"href":"https:\/\/espiritismolivre.com\/index.php?rest_route=\/wp\/v2\/posts"}],"about":[{"href":"https:\/\/espiritismolivre.com\/index.php?rest_route=\/wp\/v2\/types\/post"}],"author":[{"embeddable":true,"href":"https:\/\/espiritismolivre.com\/index.php?rest_route=\/wp\/v2\/users\/1"}],"replies":[{"embeddable":true,"href":"https:\/\/espiritismolivre.com\/index.php?rest_route=%2Fwp%2Fv2%2Fcomments&post=111"}],"version-history":[{"count":7,"href":"https:\/\/espiritismolivre.com\/index.php?rest_route=\/wp\/v2\/posts\/111\/revisions"}],"predecessor-version":[{"id":120,"href":"https:\/\/espiritismolivre.com\/index.php?rest_route=\/wp\/v2\/posts\/111\/revisions\/120"}],"wp:attachment":[{"href":"https:\/\/espiritismolivre.com\/index.php?rest_route=%2Fwp%2Fv2%2Fmedia&parent=111"}],"wp:term":[{"taxonomy":"category","embeddable":true,"href":"https:\/\/espiritismolivre.com\/index.php?rest_route=%2Fwp%2Fv2%2Fcategories&post=111"},{"taxonomy":"post_tag","embeddable":true,"href":"https:\/\/espiritismolivre.com\/index.php?rest_route=%2Fwp%2Fv2%2Ftags&post=111"}],"curies":[{"name":"wp","href":"https:\/\/api.w.org\/{rel}","templated":true}]}}