{"id":105,"date":"2011-07-12T01:22:21","date_gmt":"2011-07-12T12:22:21","guid":{"rendered":"http:\/\/espiritismolivre.com\/?p=105"},"modified":"2011-07-12T01:22:21","modified_gmt":"2011-07-12T12:22:21","slug":"mensagem-de-bezerra-de-menezes-psicografia-divaldo-franco","status":"publish","type":"post","link":"https:\/\/espiritismolivre.com\/?p=105","title":{"rendered":"Mensagem de Bezerra de Menezes (psicografia Divaldo Franco)"},"content":{"rendered":"<p style=\"text-align: justify;\"><em>A Psicografia abaixo foi retirada deste <a href=\"http:\/\/blogdonept.blogspot.com\/2011\/07\/mensagem-de-bezerra-de-menezes.html\" target=\"_blank\">link<\/a>. Por ser um escrito de Bezerra de Menezes, n\u00e3o h\u00e1 complemento a se fazer, mas ressaltar que ele corrobora a vis\u00e3o de que nosso momento de transi\u00e7\u00e3o est\u00e1 acontecendo e que \u00e9 nossa \u00faltima chance de provar nossas conquistas morais.<\/em><\/p>\n<p style=\"text-align: justify;\">____________________________________<\/p>\n<p style=\"text-align: justify;\">Meus filhos:<\/p>\n<p style=\"text-align: justify;\">Que Jesus nos aben\u00e7oe.<\/p>\n<p style=\"text-align: justify;\">A sociedade terrena vive, na atualidade, um grave momento medi\u00fanico no qual, de forma inconsciente, d\u00e1-se o interc\u00e2mbio entre as duas esferas da vida. Entidades assinaladas pelo \u00f3dio, pelo ressentimento, e tomadas de amargura cobram daqueles algozes de ontem o pesado \u00f4nus da afli\u00e7\u00e3o que lhes tenham proporcionado.<\/p>\n<p style=\"text-align: justify;\">Esp\u00edritos nobres, voltados ao ideal de eleva\u00e7\u00e3o humana sincronizam com as pot\u00eancias espirituais na edifica\u00e7\u00e3o de um mundo melhor. As obsess\u00f5es campeiam de forma pand\u00eamica, confundindo-se com os transtornos psicopatol\u00f3gicos que trazem os processos afligentes e degenerativos.<\/p>\n<p style=\"text-align: justify;\">Sucede que a Terra vivencia, neste per\u00edodo, a grande transi\u00e7\u00e3o de mundo de provas e de expia\u00e7\u00f5es para mundo de regenera\u00e7\u00e3o.<\/p>\n<p style=\"text-align: justify;\">Nunca houve tanta conquista da ci\u00eancia e da tecnologia, e tanta hediondez do sentimento e das emo\u00e7\u00f5es. As gl\u00f3rias das conquistas do intelecto esmaecem diante do abismo da crueldade, da dissolu\u00e7\u00e3o dos costumes, da perda da \u00e9tica, e da decad\u00eancia das conquistas da civiliza\u00e7\u00e3o e da cultura&#8230;<\/p>\n<p style=\"text-align: justify;\">N\u00e3o seja, pois, de estranhar que a dor, sob v\u00e1rios aspectos, espraia-se no planeta terrestre n\u00e3o apenas como l\u00e1tego mas, sobretudo, como convite \u00e0 reflex\u00e3o, como an\u00e1lise \u00e0 transitoriedade do corpo, com o prop\u00f3sito de convocar as mentes e os cora\u00e7\u00f5es para o ser espiritual que todos somos.<\/p>\n<p style=\"text-align: justify;\">Fala-se sobre a trag\u00e9dia do cotidiano com raz\u00e3o.<\/p>\n<p style=\"text-align: justify;\">As amea\u00e7as de natureza s\u00edsmica, a cada momento tornam-se realidade tanto de um lado como de outro do planeta. O crime campeia a solta e a flora\u00e7\u00e3o da juventude entrega-se, com exce\u00e7\u00f5es compreens\u00edveis, ao abastardamento do car\u00e1ter, \u00e0s licen\u00e7as morais e \u00e0 agressividade.<\/p>\n<p style=\"text-align: justify;\">Sucede, meus filhos, que as regi\u00f5es de sofrimento profundo est\u00e3o liberando seus h\u00f3spedes que ali ficaram, em c\u00e1rcere privado, por muitos s\u00e9culos e agora, na grande transi\u00e7\u00e3o, recebem a oportunidade de voltarem-se para o bem ou de optar pela loucura a que se t\u00eam entregado. E esses, que teimosamente permanecem no mal, a benef\u00edcio pr\u00f3prio e do planeta, ir\u00e3o ao ex\u00edlio em orbes inferiores onde lapidar\u00e3o a alma auxiliando os seus irm\u00e3os de natureza primitiva, como nos aconteceu no passado.<\/p>\n<p style=\"text-align: justify;\">Por outro lado, os nobres promotores do progresso de todos os tempos passados tamb\u00e9m se reencarnam nesta hora para acelerar as conquistas, n\u00e3o s\u00f3 da intelig\u00eancia e da tecnologia de ponta, mas tamb\u00e9m dos valores morais e espirituais. Ao lado deles, benfeitores de outra dimens\u00e3o emboscam-se na mat\u00e9ria para se tornarem os grandes l\u00edderes e sensibilizarem esses verdugos da sociedade.<\/p>\n<p style=\"text-align: justify;\">Aos m\u00e9diuns cabe a grande tarefa de ser ponte entre as dores e as consola\u00e7\u00f5es. Aos dialogadores cabe a honrosa tarefa de ser, cada um deles, psicoterapeutas de desencarnados, contribuindo para a sa\u00fade geral. Enquanto os m\u00e9diuns se entregam ao benef\u00edcio caridoso com os irm\u00e3os em agonia, tamb\u00e9m t\u00eam as suas dores diminu\u00eddas, o seu fardo de provas amenizadas, as suas afli\u00e7\u00f5es contornadas, porque o amor \u00e9 o grande mensageiro da miseric\u00f3rdia que dilui todos os impedimentos ao progresso &#8211; \u00e9 o sol da vida, meus filhos, que dissolve a n\u00e9voa da ignor\u00e2ncia e que apaga a noite da impiedade.<\/p>\n<p style=\"text-align: justify;\">Reencarnastes para contribuir em favor da Nova Era.<\/p>\n<p style=\"text-align: justify;\">As vossas exist\u00eancias n\u00e3o aconteceram ao acaso, foram programadas.<\/p>\n<p style=\"text-align: justify;\">Antes de mergulhardes na neblina carnal, lestes o programa que vos dizia respeito e o firmastes, dando o assentimento para as provas e as gl\u00f3rias estelares.<\/p>\n<p style=\"text-align: justify;\">O Espiritismo \u00e9 Jesus que volta de bra\u00e7os abertos, descrucificado, ressurreto e vivo, cantando a sinfonia gloriosa da solidariedade.<\/p>\n<p style=\"text-align: justify;\">Dai-vos as m\u00e3os!<\/p>\n<p style=\"text-align: justify;\">Que as diferen\u00e7as opinativas sejam limadas e os ideais de concord\u00e2ncia sejam praticados. Que, quaisquer pontos de obje\u00e7\u00e3o tornem-se secund\u00e1rios diante das metas a alcan\u00e7ar.<\/p>\n<p style=\"text-align: justify;\">Sabemos das vossas dores, porque tamb\u00e9m passamos pela Terra e compreendemos que a n\u00e9voa da mat\u00e9ria empana o discernimento e, muitas vezes, dificulta a l\u00f3gica necess\u00e1ria para a a\u00e7\u00e3o correta. Mas ficais atentos: tendes compromissos com Jesus&#8230;<\/p>\n<p style=\"text-align: justify;\">N\u00e3o \u00e9 a primeira vez que vos comprometestes enganando, enganado-vos. Mas esta \u00e9 a oportunidade final, optativa para a gl\u00f3ria da imortalidade ou para a anestesia da ilus\u00e3o.<\/p>\n<p style=\"text-align: justify;\">Ser esp\u00edrita \u00e9 encontrar o tesouro da sabedoria.<\/p>\n<p style=\"text-align: justify;\">Reconhecemos que na luta cotidiana, na disputa social e econ\u00f4mica, financeira e humana do ganha-p\u00e3o, esvai-se o entusiasmo, diminui a alegria do servi\u00e7o, mas se permanecerdes fi\u00e9is, orando com as antenas direcionadas ao Pai Todo-Amor, n\u00e3o vos faltar\u00e3o a inspira\u00e7\u00e3o, o apoio, as for\u00e7as morais para vos defenderdes das agress\u00f5es do mal que muitas vezes vos alcan\u00e7a.<\/p>\n<p style=\"text-align: justify;\">Tende coragem, meus filhos, unidos, porque somos os trabalhadores da \u00faltima hora, e o nosso ser\u00e1 o sal\u00e1rio igual ao do jornaleiro do primeiro momento.<\/p>\n<p style=\"text-align: justify;\">Cantemos a alegria de servir e, ao sairmos daqui, levemos impresso no relic\u00e1rio da alma tudo aquilo que ocorreu em nossa reuni\u00e3o de santas inten\u00e7\u00f5es: as dores mais variadas, os rebeldes, os ignorantes, os aflitos, os infelizes, e tamb\u00e9m a palavra gentil dos amigos que velam por todos n\u00f3s.<\/p>\n<p style=\"text-align: justify;\">Confiando em nosso Senhor Jesus Cristo, que nos delegou a honra de falar em Seu nome, e em Seu nome ensinar, curar, levantar o \u00e2nimo e construir um mundo novo, rogamos a Ele, nosso divino Benfeitor, que a todos nos aben\u00e7oe e nos d\u00ea a Sua paz.<\/p>\n<p style=\"text-align: justify;\">S\u00e3o os votos do servidor hum\u00edlimo e paternal de sempre,<\/p>\n<p style=\"text-align: justify;\">Bezerra.<\/p>\n<p style=\"text-align: justify;\">Por Divaldo Franco (13.11.2010 &#8211; Los Angeles)<\/p>\n<p style=\"text-align: justify;\">________________________<\/p>\n","protected":false},"excerpt":{"rendered":"<p>A Psicografia abaixo foi retirada deste link. Por ser um escrito de Bezerra de Menezes, n\u00e3o h\u00e1 complemento a se fazer, mas ressaltar que ele corrobora a vis\u00e3o de que nosso momento de transi\u00e7\u00e3o est\u00e1 acontecendo e que \u00e9 nossa \u00faltima chance de provar nossas conquistas morais. ____________________________________ Meus filhos: Que Jesus nos aben\u00e7oe. A [&hellip;]<\/p>\n","protected":false},"author":1,"featured_media":0,"comment_status":"open","ping_status":"closed","sticky":false,"template":"","format":"standard","meta":{"footnotes":""},"categories":[3],"tags":[107,108],"_links":{"self":[{"href":"https:\/\/espiritismolivre.com\/index.php?rest_route=\/wp\/v2\/posts\/105"}],"collection":[{"href":"https:\/\/espiritismolivre.com\/index.php?rest_route=\/wp\/v2\/posts"}],"about":[{"href":"https:\/\/espiritismolivre.com\/index.php?rest_route=\/wp\/v2\/types\/post"}],"author":[{"embeddable":true,"href":"https:\/\/espiritismolivre.com\/index.php?rest_route=\/wp\/v2\/users\/1"}],"replies":[{"embeddable":true,"href":"https:\/\/espiritismolivre.com\/index.php?rest_route=%2Fwp%2Fv2%2Fcomments&post=105"}],"version-history":[{"count":1,"href":"https:\/\/espiritismolivre.com\/index.php?rest_route=\/wp\/v2\/posts\/105\/revisions"}],"predecessor-version":[{"id":106,"href":"https:\/\/espiritismolivre.com\/index.php?rest_route=\/wp\/v2\/posts\/105\/revisions\/106"}],"wp:attachment":[{"href":"https:\/\/espiritismolivre.com\/index.php?rest_route=%2Fwp%2Fv2%2Fmedia&parent=105"}],"wp:term":[{"taxonomy":"category","embeddable":true,"href":"https:\/\/espiritismolivre.com\/index.php?rest_route=%2Fwp%2Fv2%2Fcategories&post=105"},{"taxonomy":"post_tag","embeddable":true,"href":"https:\/\/espiritismolivre.com\/index.php?rest_route=%2Fwp%2Fv2%2Ftags&post=105"}],"curies":[{"name":"wp","href":"https:\/\/api.w.org\/{rel}","templated":true}]}}